{"id":1375,"date":"2019-12-06T09:03:39","date_gmt":"2019-12-06T09:03:39","guid":{"rendered":"https:\/\/rikstvatt.se\/bengtsfors\/?p=1375"},"modified":"2020-10-14T14:16:33","modified_gmt":"2020-10-14T14:16:33","slug":"dags-for-generationsskifte","status":"publish","type":"post","link":"https:\/\/rikstvatt.se\/bengtsfors\/dags-for-generationsskifte\/","title":{"rendered":"Dags f\u00f6r generationsskifte!"},"content":{"rendered":"\n<p><strong>Vi har gjort en intervju med Rikstv\u00e4tt Bengtsfors forna VD Kent Pettersson och deras nya VD Lise Bj\u00f6revall. H\u00e4r ber\u00e4ttar dom om f\u00f6retagets sp\u00e4nnande framtid.<\/strong><\/p>\n\n\n\n<p>Kent ber\u00e4ttar att han nu \u00e4r redo att l\u00e4mna \u00f6ver till n\u00e4sta generation. Men han kommer inte att l\u00e4mna bolaget helt, utan kommer fortfarande vara verksam inom f\u00f6retagets marknadsavdelning. <\/p>\n\n\n\n<p>Detta \u00e4r n\u00e5got han har funderat l\u00e4nge p\u00e5 och k\u00e4nner att det ligger r\u00e4tt i tiden.<\/p>\n\n\n\n<div class=\"wp-block-image\"><figure class=\"alignright is-resized\"><img loading=\"lazy\" decoding=\"async\" src=\"https:\/\/rikstvatt.se\/bengtsfors\/wp-content\/uploads\/sites\/5\/2019\/12\/Lise.jpg\" alt=\"\" class=\"wp-image-1382\" width=\"258\" height=\"618\" srcset=\"https:\/\/rikstvatt.se\/bengtsfors\/wp-content\/uploads\/sites\/5\/2019\/12\/Lise.jpg 417w, https:\/\/rikstvatt.se\/bengtsfors\/wp-content\/uploads\/sites\/5\/2019\/12\/Lise-125x300.jpg 125w, https:\/\/rikstvatt.se\/bengtsfors\/wp-content\/uploads\/sites\/5\/2019\/12\/Lise-61x146.jpg 61w, https:\/\/rikstvatt.se\/bengtsfors\/wp-content\/uploads\/sites\/5\/2019\/12\/Lise-21x50.jpg 21w, https:\/\/rikstvatt.se\/bengtsfors\/wp-content\/uploads\/sites\/5\/2019\/12\/Lise-31x75.jpg 31w\" sizes=\"auto, (max-width:767px) 258px, 258px\" \/><\/figure><\/div>\n\n\n\n<p>B\u00e5da Kents d\u00f6ttrar jobbar sedan\nm\u00e5nga \u00e5r inom f\u00f6retaget. Lise kommer axla VD rollen och Lena kommer att arbeta\np\u00e5 marknadsavdelningen tillsammans med Kent. D\u00e4r kommer de att arbeta med\nkvalit\u00e9, produktutveckling och kundv\u00e5rd. Nu \u00e4r det \u00e4ntligen dags f\u00f6r Kent att\nf\u00e5 lite mer fritid. Han \u00e4ger ett antal fastigheter som kan beh\u00f6va lite k\u00e4rlek.\nDet finns \u00e4ven en b\u00e5t och ett fiskeintresse. En sak som \u00e4r s\u00e4ker \u00e4r att Kent\ninte har n\u00e5gra som helst problem med att syssels\u00e4tta sig vid sidan av arbetet. <\/p>\n\n\n\n<p>L\u00e5t oss nu presentera den nya Vd:n f\u00f6r Rikstv\u00e4tt Bengtsfors, Lise Bj\u00f6revall. Hon har varit verksam inom f\u00f6retaget i 25 \u00e5r. P\u00e5 resans g\u00e5ng har hon haft m\u00e5nga befattningar och utvecklat f\u00f6retaget. Lise har en stor passion f\u00f6r ledarskap och beskriver sig som glad, pigg och drivande.<\/p>\n\n\n\n<p>Som ny VD kommer Lise b\u00f6rja\narbeta med organisationen. F\u00f6retaget kommer att delas in i tre olika avdelningar:\nMarknad &amp; Logistik, Teknik &amp; Metod och Produktionsledning. Varje avdelning\nhar sitt kompetensomr\u00e5de. Denna f\u00f6r\u00e4ndring kommer g\u00f6ra att f\u00f6retaget f\u00e5r\nkortare h\u00e5lltider, en b\u00e4ttre arbetsmilj\u00f6 och en mer h\u00e5llbar struktur. Med sig\nhar hon kompetent ledning som driver f\u00f6retaget fram\u00e5t och jobbar mot f\u00f6retagets\nm\u00e5l.<\/p>\n\n\n\n<p>Lise ber\u00e4ttar att de st\u00f6rsta\nf\u00f6rdelarna med att kunden hyr deras koncept, \u00e4r en helhetsl\u00f6sning d\u00e4r kunden\nkan hyra allt ifr\u00e5n s\u00e4nglinne till entr\u00e9matta. Rikstv\u00e4tt Bengtsfors hj\u00e4lper\nf\u00f6retag s\u00e5 att de kan fokusera p\u00e5 sin k\u00e4rnverksamhet till fullo.<\/p>\n\n\n\n<p>Hon po\u00e4ngterar ocks\u00e5 att\nRikstv\u00e4tt arbetar h\u00e5rt med h\u00e5llbarhet inom till exempel, vattenf\u00f6rbrukning,\ntextil\u00e5tervinning och fossilfritt br\u00e4nsle. Tv\u00e4tteriet \u00e4r idag ett\nh\u00f6gteknologiskt f\u00f6retag med automatiserade processer och robotteknik.<\/p>\n\n\n\n<div class=\"wp-block-image\"><figure class=\"aligncenter is-resized\"><img loading=\"lazy\" decoding=\"async\" src=\"https:\/\/rikstvatt.se\/bengtsfors\/wp-content\/uploads\/sites\/5\/2019\/12\/lise-och-kent.jpg\" alt=\"\" class=\"wp-image-1380\" width=\"359\" height=\"230\" srcset=\"https:\/\/rikstvatt.se\/bengtsfors\/wp-content\/uploads\/sites\/5\/2019\/12\/lise-och-kent.jpg 900w, https:\/\/rikstvatt.se\/bengtsfors\/wp-content\/uploads\/sites\/5\/2019\/12\/lise-och-kent-300x193.jpg 300w, https:\/\/rikstvatt.se\/bengtsfors\/wp-content\/uploads\/sites\/5\/2019\/12\/lise-och-kent-768x493.jpg 768w, https:\/\/rikstvatt.se\/bengtsfors\/wp-content\/uploads\/sites\/5\/2019\/12\/lise-och-kent-227x146.jpg 227w, https:\/\/rikstvatt.se\/bengtsfors\/wp-content\/uploads\/sites\/5\/2019\/12\/lise-och-kent-50x32.jpg 50w, https:\/\/rikstvatt.se\/bengtsfors\/wp-content\/uploads\/sites\/5\/2019\/12\/lise-och-kent-117x75.jpg 117w\" sizes=\"auto, (max-width:767px) 359px, 359px\" \/><figcaption>Lise Bj\u00f6revall och Kent Pettersson<\/figcaption><\/figure><\/div>\n\n\n\n<p>Framtiden ser sp\u00e4nnande ut och\nRikstv\u00e4tt Bengtsfors st\u00e5r v\u00e4l rustade f\u00f6r att forts\u00e4tta expandera och ligga i\nframkant inom tv\u00e4tteribranschen.<\/p>\n","protected":false},"excerpt":{"rendered":"<p>Vi har gjort en intervju med Rikstv\u00e4tt Bengtsfors forna VD Kent Pettersson och deras nya VD Lise Bj\u00f6revall.<span class=\"excerpt-hellip\"> [\u2026]<\/span><\/p>\n","protected":false},"author":1,"featured_media":1379,"comment_status":"open","ping_status":"open","sticky":false,"template":"","format":"standard","meta":{"wds_primary_category":0,"footnotes":""},"categories":[12],"tags":[],"class_list":["post-1375","post","type-post","status-publish","format-standard","has-post-thumbnail","hentry","category-nyheter"],"_links":{"self":[{"href":"https:\/\/rikstvatt.se\/bengtsfors\/wp-json\/wp\/v2\/posts\/1375","targetHints":{"allow":["GET"]}}],"collection":[{"href":"https:\/\/rikstvatt.se\/bengtsfors\/wp-json\/wp\/v2\/posts"}],"about":[{"href":"https:\/\/rikstvatt.se\/bengtsfors\/wp-json\/wp\/v2\/types\/post"}],"author":[{"embeddable":true,"href":"https:\/\/rikstvatt.se\/bengtsfors\/wp-json\/wp\/v2\/users\/1"}],"replies":[{"embeddable":true,"href":"https:\/\/rikstvatt.se\/bengtsfors\/wp-json\/wp\/v2\/comments?post=1375"}],"version-history":[{"count":0,"href":"https:\/\/rikstvatt.se\/bengtsfors\/wp-json\/wp\/v2\/posts\/1375\/revisions"}],"wp:featuredmedia":[{"embeddable":true,"href":"https:\/\/rikstvatt.se\/bengtsfors\/wp-json\/wp\/v2\/media\/1379"}],"wp:attachment":[{"href":"https:\/\/rikstvatt.se\/bengtsfors\/wp-json\/wp\/v2\/media?parent=1375"}],"wp:term":[{"taxonomy":"category","embeddable":true,"href":"https:\/\/rikstvatt.se\/bengtsfors\/wp-json\/wp\/v2\/categories?post=1375"},{"taxonomy":"post_tag","embeddable":true,"href":"https:\/\/rikstvatt.se\/bengtsfors\/wp-json\/wp\/v2\/tags?post=1375"}],"curies":[{"name":"wp","href":"https:\/\/api.w.org\/{rel}","templated":true}]}}