{"id":1426,"date":"2020-06-18T06:53:43","date_gmt":"2020-06-18T06:53:43","guid":{"rendered":"https:\/\/rikstvatt.se\/bengtsfors\/?p=1426"},"modified":"2020-10-14T14:16:32","modified_gmt":"2020-10-14T14:16:32","slug":"intervju-med-edit","status":"publish","type":"post","link":"https:\/\/rikstvatt.se\/bengtsfors\/intervju-med-edit\/","title":{"rendered":"En \u00f6gonblicksbild &#8211; eDIT intervjuar Rikstv\u00e4tt Bengtsfors"},"content":{"rendered":"\n<p><\/p>\n\n\n\n<figure class=\"wp-block-image size-large is-resized\"><img loading=\"lazy\" decoding=\"async\" src=\"https:\/\/rikstvatt.se\/bengtsfors\/wp-content\/uploads\/sites\/5\/2020\/01\/Edit-Logo-Final_big-1024x459.png\" alt=\"\" class=\"wp-image-1409\" width=\"194\" height=\"86\" srcset=\"https:\/\/rikstvatt.se\/bengtsfors\/wp-content\/uploads\/sites\/5\/2020\/01\/Edit-Logo-Final_big-1024x459.png 1024w, https:\/\/rikstvatt.se\/bengtsfors\/wp-content\/uploads\/sites\/5\/2020\/01\/Edit-Logo-Final_big-300x134.png 300w, https:\/\/rikstvatt.se\/bengtsfors\/wp-content\/uploads\/sites\/5\/2020\/01\/Edit-Logo-Final_big-768x344.png 768w, https:\/\/rikstvatt.se\/bengtsfors\/wp-content\/uploads\/sites\/5\/2020\/01\/Edit-Logo-Final_big-1536x688.png 1536w, https:\/\/rikstvatt.se\/bengtsfors\/wp-content\/uploads\/sites\/5\/2020\/01\/Edit-Logo-Final_big-260x116.png 260w, https:\/\/rikstvatt.se\/bengtsfors\/wp-content\/uploads\/sites\/5\/2020\/01\/Edit-Logo-Final_big-50x22.png 50w, https:\/\/rikstvatt.se\/bengtsfors\/wp-content\/uploads\/sites\/5\/2020\/01\/Edit-Logo-Final_big-150x67.png 150w, https:\/\/rikstvatt.se\/bengtsfors\/wp-content\/uploads\/sites\/5\/2020\/01\/Edit-Logo-Final_big.png 1668w\" sizes=\"auto, (max-width:767px) 194px, 194px\" \/><\/figure>\n\n\n\n<p><em>eDIT &#8211; Ett Dalsland i Tillv\u00e4xt &#8211; i en intervju med Lise Bj\u00f6revall, VD f\u00f6r Rikstv\u00e4tt Bengtsfors.<\/em><\/p>\n\n\n\n<p><strong>Alla f\u00f6retag p\u00e5verkas av Coronakrisen<\/strong>, s\u00e5 ocks\u00e5 det lokala n\u00e4ringslivet. Dock p\u00e5 olika s\u00e4tt beroende p\u00e5 vilken marknad, bransch eller vilka kunder man som f\u00f6retag levererar till. Oavsett hur man p\u00e5verkas som f\u00f6retagare har dock alla det gemensamt att man m\u00e5ste hantera oron i samh\u00e4llet och oron hos de egna medarbetarna.<\/p>\n\n\n\n<p>Vi \u00e4r inne i en kris vi aldrig gl\u00f6mmer, fylld med sorg och r\u00e4dsla, os\u00e4kerhet, konkurser, permitteringar och uppoffringar, s\u00e4ger VD Lise Bj\u00f6revall. N\u00e4r omst\u00e4ndigheterna kring Coronapandemin blev k\u00e4nda agerade vi v\u00e4ldigt snabbt och f\u00f6rs\u00f6kte skapa oss en s\u00e5 balanserad bild av l\u00e4get som m\u00f6jligt. F\u00f6retaget har sedan tidigare en god likviditet, vilket \u00e4r en trygghet idag. Det i kombination med regeringens krispaket samt otroligt fin st\u00f6ttning av v\u00e5r lokala bank, Dalslands Sparbank, g\u00f6r att vi k\u00e4nner oss hoppfulla trots det anstr\u00e4ngda l\u00e4get.<\/p>\n\n\n\n<h4 class=\"wp-block-heading\">Hur ser nul\u00e4get ut f\u00f6r er h\u00e4r p\u00e5 Rikstv\u00e4tt Bengtsfors?<\/h4>\n\n\n\n<p>L\u00e4get \u00e4r stabilare nu. I b\u00f6rjan av mars tv\u00e4rbromsade hotell- och restaurangn\u00e4ringen som \u00e4r <strong>k\u00e4rnverksamheten<\/strong> f\u00f6r Rikstv\u00e4tt Bengtsfors. Konferenser och evenemang st\u00e4lldes in och flera hotell vi servar med ren tv\u00e4tt st\u00e4ngdes i princip ned. Tappet f\u00f6r hotellen betydde att vi fick mindre syssels\u00e4ttning fr\u00e5n den kundgruppen, s\u00e4ger Lise. Vi gick fr\u00e5n 100% i produktion ner till 20% p\u00e5 bara n\u00e5gon vecka. Nu har vi dock b\u00f6rjat \u00e5terh\u00e4mta oss och ligger p\u00e5 ca 70% av v\u00e5r produktionskapacitet. Turismen har s\u00e5 sm\u00e5tt b\u00f6rjar r\u00f6ra p\u00e5 sig igen och bokningarna p\u00e5 sm\u00e5 hotell samt campingar \u00f6kar. Vi har gjort det vi har kunnat f\u00f6r att anpassa oss till de f\u00f6ruts\u00e4ttningar vi st\u00e4lldes inf\u00f6r. Gl\u00e4djande nog visar trenden just nu p\u00e5 en \u00f6kning i v\u00e5r ordering\u00e5ng.<\/p>\n\n\n\n<h4 class=\"wp-block-heading\">Har krisen lett till att ni hittat nya arbetss\u00e4tt f\u00f6r att tillgodose kundernas behov? Digitala m\u00f6tesplatser?<\/h4>\n\n\n\n<p>Alla m\u00f6ten inom hela organisationen Rikstv\u00e4tt, b\u00e5de med leverant\u00f6rer och kunder \u00e4r just nu digitala. Jag s\u00e4tter stort pris p\u00e5 och inspireras av det m\u00e4nskliga m\u00f6tet men m\u00e5nga m\u00f6ten blir mycket mer effektiva digitalt. Detta medf\u00f6r ocks\u00e5 en stor besparing p\u00e5 resekostnaderna.<\/p>\n\n\n\n<h4 class=\"wp-block-heading\">M\u00e5nga f\u00f6retag har f\u00f6r\u00e4ndrat sin s\u00e4ljstrategi under Coronakrisen. Det g\u00e4llde att snabbt st\u00e4lla om sina marknadsinsatser och anpassa sitt erbjudande efter det som efterfr\u00e5gades. Har ni p\u00e5 Rikstv\u00e4tt skapat nya arbetss\u00e4tt eller hittat nya marknader?<\/h4>\n\n\n\n<p>Coronapandemin har v\u00e4nt upp och ner p\u00e5 v\u00e5r verksamhet d\u00e5 v\u00e5r tidigare styrka, hotell- och restaurang, hastigt f\u00f6rvandlades till v\u00e5r st\u00f6rsta svaghet. I nul\u00e4get g\u00e5r vi in med stort engagemang f\u00f6r att st\u00e4rka upp andra marknadssegment s\u00e5som arbetskl\u00e4der till industri- och v\u00e5rdsektorn. En marknad som vi g\u00e4rna vill in p\u00e5 \u00e4r hos de n\u00e4rliggande kommunerna som vi anser borde gynna fler lokala f\u00f6retagare.<\/p>\n\n\n\n<h4 class=\"wp-block-heading\">Nu stundar semestertider. Hur ser det ut med bemanningen\/personalen inf\u00f6r sommaren?<\/h4>\n\n\n\n<p>P\u00e5 grund av pandemin och den \u00f6kade risken f\u00f6r smitta har vi i \u00e5r valt att ej rekrytera sommarpersonal fr\u00e5n utlandet. I dagsl\u00e4get bed\u00f6mer vi kunna hantera en kalkylerad produktionsbel\u00e4ggning p\u00e5 70% inom plangods, hotell- och restaurang, med befintlig personalstyrka. Sommarperioden \u00e4r annars h\u00f6gs\u00e4song f\u00f6r Rikstv\u00e4tt Bengtsfors med normalt en dubblering i produktion. Under r\u00e5dande omst\u00e4ndigheter finns dock en oro att inte ha tillr\u00e4ckligt med personal p\u00e5 plats f\u00f6r att kunna hantera en snabb \u00f6kning i ordering\u00e5ng. Vi har fattat beslut om att l\u00e4gga semestrarna tidigare i \u00e5r f\u00f6r att garantera tillg\u00e5ngen av full bemanning mot mitten av juli.<\/p>\n\n\n\n<h4 class=\"wp-block-heading\">Strax innan starten av Coronakrisen valde ni att kompetensutveckla er personal via eDIT. Har du sett n\u00e5gra effekter av den insatsen kopplat till den situation vi befinner oss i nu?<\/h4>\n\n\n\n<p>F\u00f6retagsledning och arbetsledare har haft stor nytta av Ledarskapsutbildningen som tack vare eDIT genomf\u00f6rdes lokalt p\u00e5 First Hotel Bengtsfors. Vi \u00e4r mer sammansvetsade och har f\u00e5tt med oss verktyg f\u00f6r att b\u00e4ttre hantera nya situationer som t ex den f\u00f6r\u00e4ndring som uppst\u00e5tt under Coronakrisen. Organisationen st\u00e5r helt enkelt tryggare och vi har l\u00e4rt oss vikten av tydlig och rak kommunikation.<\/p>\n\n\n\n<h4 class=\"wp-block-heading\">Hur ser du p\u00e5 framtiden?<\/h4>\n\n\n\n<p>Vi ser ljust p\u00e5 framtiden, mycket tack vare v\u00e5r fantastiska personal som \u00e4r s\u00e5 positiva och lojala. Situationen \u00e4r pressad men det f\u00e5r inte hindra oss att planera f\u00f6r framtiden. Det finns trots allt sk\u00e4l att k\u00e4nna stor tillf\u00f6rsikt att vi ska kunna ta oss igenom detta, s\u00e4ger VD Lise Bj\u00f6revall.<\/p>\n\n\n\n<p><em>\/\/Ulrika Hedkrok, Verksamhetsledare, eDIT<\/em><\/p>\n","protected":false},"excerpt":{"rendered":"<p>eDIT &#8211; Ett Dalsland i Tillv\u00e4xt &#8211; i en intervju med Lise Bj\u00f6revall, VD f\u00f6r Rikstv\u00e4tt Bengtsfors. Alla<span class=\"excerpt-hellip\"> [\u2026]<\/span><\/p>\n","protected":false},"author":1,"featured_media":1379,"comment_status":"open","ping_status":"open","sticky":false,"template":"","format":"standard","meta":{"wds_primary_category":0,"footnotes":""},"categories":[12],"tags":[],"class_list":["post-1426","post","type-post","status-publish","format-standard","has-post-thumbnail","hentry","category-nyheter"],"_links":{"self":[{"href":"https:\/\/rikstvatt.se\/bengtsfors\/wp-json\/wp\/v2\/posts\/1426","targetHints":{"allow":["GET"]}}],"collection":[{"href":"https:\/\/rikstvatt.se\/bengtsfors\/wp-json\/wp\/v2\/posts"}],"about":[{"href":"https:\/\/rikstvatt.se\/bengtsfors\/wp-json\/wp\/v2\/types\/post"}],"author":[{"embeddable":true,"href":"https:\/\/rikstvatt.se\/bengtsfors\/wp-json\/wp\/v2\/users\/1"}],"replies":[{"embeddable":true,"href":"https:\/\/rikstvatt.se\/bengtsfors\/wp-json\/wp\/v2\/comments?post=1426"}],"version-history":[{"count":0,"href":"https:\/\/rikstvatt.se\/bengtsfors\/wp-json\/wp\/v2\/posts\/1426\/revisions"}],"wp:featuredmedia":[{"embeddable":true,"href":"https:\/\/rikstvatt.se\/bengtsfors\/wp-json\/wp\/v2\/media\/1379"}],"wp:attachment":[{"href":"https:\/\/rikstvatt.se\/bengtsfors\/wp-json\/wp\/v2\/media?parent=1426"}],"wp:term":[{"taxonomy":"category","embeddable":true,"href":"https:\/\/rikstvatt.se\/bengtsfors\/wp-json\/wp\/v2\/categories?post=1426"},{"taxonomy":"post_tag","embeddable":true,"href":"https:\/\/rikstvatt.se\/bengtsfors\/wp-json\/wp\/v2\/tags?post=1426"}],"curies":[{"name":"wp","href":"https:\/\/api.w.org\/{rel}","templated":true}]}}