{"id":1516,"date":"2020-10-08T10:58:18","date_gmt":"2020-10-08T10:58:18","guid":{"rendered":"https:\/\/rikstvatt.se\/bengtsfors\/?p=1516"},"modified":"2021-02-19T12:55:27","modified_gmt":"2021-02-19T12:55:27","slug":"rikstvatt-bengtsfors-satsar-sig-ur-krisen","status":"publish","type":"post","link":"https:\/\/rikstvatt.se\/bengtsfors\/rikstvatt-bengtsfors-satsar-sig-ur-krisen\/","title":{"rendered":"Rikstv\u00e4tt Bengtsfors satsar sig ur krisen. Vi ser p\u00e5 framtiden med omtanke och tillf\u00f6rsikt"},"content":{"rendered":"\n<p><iframe loading=\"lazy\" title=\"Inb\u00e4ddat inneh\u00e5ll fr\u00e5n Sveriges Radio\" src=\"https:\/\/sverigesradio.se\/embed\/publication\/7566415\" width=\"100%\" height=\"150\" frameborder=\"0\"><\/iframe><\/p>\n","protected":false},"excerpt":{"rendered":"","protected":false},"author":1,"featured_media":1604,"comment_status":"open","ping_status":"open","sticky":false,"template":"","format":"standard","meta":{"wds_primary_category":0,"footnotes":""},"categories":[12,7],"tags":[],"class_list":["post-1516","post","type-post","status-publish","format-standard","has-post-thumbnail","hentry","category-nyheter","category-press"],"_links":{"self":[{"href":"https:\/\/rikstvatt.se\/bengtsfors\/wp-json\/wp\/v2\/posts\/1516","targetHints":{"allow":["GET"]}}],"collection":[{"href":"https:\/\/rikstvatt.se\/bengtsfors\/wp-json\/wp\/v2\/posts"}],"about":[{"href":"https:\/\/rikstvatt.se\/bengtsfors\/wp-json\/wp\/v2\/types\/post"}],"author":[{"embeddable":true,"href":"https:\/\/rikstvatt.se\/bengtsfors\/wp-json\/wp\/v2\/users\/1"}],"replies":[{"embeddable":true,"href":"https:\/\/rikstvatt.se\/bengtsfors\/wp-json\/wp\/v2\/comments?post=1516"}],"version-history":[{"count":0,"href":"https:\/\/rikstvatt.se\/bengtsfors\/wp-json\/wp\/v2\/posts\/1516\/revisions"}],"wp:featuredmedia":[{"embeddable":true,"href":"https:\/\/rikstvatt.se\/bengtsfors\/wp-json\/wp\/v2\/media\/1604"}],"wp:attachment":[{"href":"https:\/\/rikstvatt.se\/bengtsfors\/wp-json\/wp\/v2\/media?parent=1516"}],"wp:term":[{"taxonomy":"category","embeddable":true,"href":"https:\/\/rikstvatt.se\/bengtsfors\/wp-json\/wp\/v2\/categories?post=1516"},{"taxonomy":"post_tag","embeddable":true,"href":"https:\/\/rikstvatt.se\/bengtsfors\/wp-json\/wp\/v2\/tags?post=1516"}],"curies":[{"name":"wp","href":"https:\/\/api.w.org\/{rel}","templated":true}]}}