{"id":1663,"date":"2021-06-24T13:04:55","date_gmt":"2021-06-24T13:04:55","guid":{"rendered":"https:\/\/rikstvatt.se\/bengtsfors\/?p=1663"},"modified":"2021-06-24T13:04:55","modified_gmt":"2021-06-24T13:04:55","slug":"vd-lise-bjorevall","status":"publish","type":"post","link":"https:\/\/rikstvatt.se\/bengtsfors\/vd-lise-bjorevall\/","title":{"rendered":"VD Lise Bj\u00f6revall"},"content":{"rendered":"<h2>Hemester, Svemester, Semester &#8211; k\u00e4rt barn har m\u00e5nga och NYA namn!<\/h2>\n<h3>Sommartid betyder h\u00f6gs\u00e4song f\u00f6r oss!<img loading=\"lazy\" decoding=\"async\" class=\"wp-image-1665 size-medium alignright\" src=\"https:\/\/rikstvatt.se\/bengtsfors\/wp-content\/uploads\/sites\/5\/2021\/06\/DSC_0195-1-199x300.jpg\" alt=\"\" width=\"199\" height=\"300\" srcset=\"https:\/\/rikstvatt.se\/bengtsfors\/wp-content\/uploads\/sites\/5\/2021\/06\/DSC_0195-1-199x300.jpg 199w, https:\/\/rikstvatt.se\/bengtsfors\/wp-content\/uploads\/sites\/5\/2021\/06\/DSC_0195-1-680x1024.jpg 680w, https:\/\/rikstvatt.se\/bengtsfors\/wp-content\/uploads\/sites\/5\/2021\/06\/DSC_0195-1-768x1156.jpg 768w, https:\/\/rikstvatt.se\/bengtsfors\/wp-content\/uploads\/sites\/5\/2021\/06\/DSC_0195-1-1020x1536.jpg 1020w, https:\/\/rikstvatt.se\/bengtsfors\/wp-content\/uploads\/sites\/5\/2021\/06\/DSC_0195-1-1360x2048.jpg 1360w, https:\/\/rikstvatt.se\/bengtsfors\/wp-content\/uploads\/sites\/5\/2021\/06\/DSC_0195-1-97x146.jpg 97w, https:\/\/rikstvatt.se\/bengtsfors\/wp-content\/uploads\/sites\/5\/2021\/06\/DSC_0195-1-33x50.jpg 33w, https:\/\/rikstvatt.se\/bengtsfors\/wp-content\/uploads\/sites\/5\/2021\/06\/DSC_0195-1-50x75.jpg 50w, https:\/\/rikstvatt.se\/bengtsfors\/wp-content\/uploads\/sites\/5\/2021\/06\/DSC_0195-1-scaled.jpg 1700w\" sizes=\"auto, (max-width:767px) 199px, 199px\" \/><\/h3>\n<div class=\"content-copy content-block\">\n<div class=\"richtext\">\n<div class=\"blog_holder blog_single\">\n<article id=\"post-819\" class=\"post-819 post type-post status-publish format-standard has-post-thumbnail hentry category-artiklar\">\n<div class=\"post_content_holder\">\n<div class=\"post_text\">\n<div class=\"post_text_inner\">\n<div class=\"post_content\">\n<div class=\"content-block two-column-text-img ratio-50-50 clearfix\">\n<div class=\"text richtext align-left\">\n<p>F\u00f6rberedelserna i v\u00e5r produktion p\u00e5g\u00e5r f\u00f6r fullt f\u00f6r att vi p\u00e5 b\u00e4sta s\u00e4tt ska kunna serva v\u00e5ra kunder med rena snygga textilier.<\/p>\n<p>N\u00e4r vi tittar i backspegeln har det minst sagt varit ett turbulent \u00e5r, ett \u00e5r fyllt av os\u00e4kerhet, permitteringar och uppoffringar MEN det har ocks\u00e5 medf\u00f6rt en m\u00f6jlighet till reflektion \u00f6ver den arbetssituation vi befann oss i innan pandemin.<\/p>\n<p>Att t\u00e4nka utanf\u00f6r traditionella strukturer har visat sig leda till nya positiva tillv\u00e4gag\u00e5ngss\u00e4tt. F\u00f6r oss har det bland annat inneburit flexibla arbetsscheman, f\u00f6rb\u00e4ttrad arbetsplatshygien, ett \u00f6kat anv\u00e4ndande av digitala verktyg och minskat antal arbetsresor.<\/p>\n<p>Vi ser nu \u00e4ntligen en tydlig \u00f6kning i v\u00e5r ordering\u00e5ng och med det en f\u00f6rhoppning om att det v\u00e4rsta \u00e4r \u00f6ver. Bokningsl\u00e4get hos v\u00e5ra hotellkunder ser bra ut men det bygger p\u00e5 fortsatt l\u00e5g smittspridning samt att vi h\u00e5ller avst\u00e5nd och respekterar nuvarande restriktioner. Varmare dagar \u00e4r h\u00e4r och med \u00f6kad personalstyrka st\u00e5r vi i tv\u00e4tteriet redo och gl\u00e4djer oss till \u00e4nnu en h\u00e4rlig sommar i Semestersverige.<\/p>\n<p>Glad Midsommar \u00f6nskar vi p\u00e5 Rikstv\u00e4tt Bengtsfors\/Karlskoga!<\/p>\n<p><strong>FAKTA<\/strong><\/p>\n<p>Vi \u00e4r Rikstv\u00e4tt Bengtsfors\/Karlskoga, ett svenskt familjef\u00f6retag som varit verksamma sedan 1993. Under \u00e5ren har vi blivit specialister p\u00e5 i stort sett allt som r\u00f6r tv\u00e4tt- och textilservice. Idag drivs f\u00f6retaget i andra generationen med flera familjemedlemmar som aktiva eldsj\u00e4lar i hj\u00e4rtat av v\u00e5r verksamhet. I f\u00f6retagsfamiljen ing\u00e5r givetvis ocks\u00e5 alla v\u00e5ra medarbetare, ett 100-tal anst\u00e4llda beroende p\u00e5 s\u00e4song.<\/p>\n<p>Som textiltv\u00e4tteri erbjuder vi tv\u00e4tt och uthyrning av komfortabla, snygga och fr\u00e4scha textilier f\u00f6r hotell och restaurang, allt inom arbetskl\u00e4der f\u00f6r industri, v\u00e5rd och omsorg samt entr\u00e9mattor.<\/p>\n<\/div>\n<\/div>\n<div class=\"clear\"><\/div>\n<\/div>\n<\/div>\n<\/div>\n<\/div>\n<\/article>\n<\/div>\n<\/div>\n<\/div>\n","protected":false},"excerpt":{"rendered":"<p>Hemester, Svemester, Semester &#8211; k\u00e4rt barn har m\u00e5nga och NYA namn! Sommartid betyder h\u00f6gs\u00e4song f\u00f6r oss! F\u00f6rberedelserna i<span class=\"excerpt-hellip\"> [\u2026]<\/span><\/p>\n","protected":false},"author":32,"featured_media":1665,"comment_status":"closed","ping_status":"open","sticky":false,"template":"","format":"standard","meta":{"wds_primary_category":0,"footnotes":""},"categories":[12],"tags":[],"class_list":["post-1663","post","type-post","status-publish","format-standard","has-post-thumbnail","hentry","category-nyheter"],"_links":{"self":[{"href":"https:\/\/rikstvatt.se\/bengtsfors\/wp-json\/wp\/v2\/posts\/1663","targetHints":{"allow":["GET"]}}],"collection":[{"href":"https:\/\/rikstvatt.se\/bengtsfors\/wp-json\/wp\/v2\/posts"}],"about":[{"href":"https:\/\/rikstvatt.se\/bengtsfors\/wp-json\/wp\/v2\/types\/post"}],"author":[{"embeddable":true,"href":"https:\/\/rikstvatt.se\/bengtsfors\/wp-json\/wp\/v2\/users\/32"}],"replies":[{"embeddable":true,"href":"https:\/\/rikstvatt.se\/bengtsfors\/wp-json\/wp\/v2\/comments?post=1663"}],"version-history":[{"count":0,"href":"https:\/\/rikstvatt.se\/bengtsfors\/wp-json\/wp\/v2\/posts\/1663\/revisions"}],"wp:featuredmedia":[{"embeddable":true,"href":"https:\/\/rikstvatt.se\/bengtsfors\/wp-json\/wp\/v2\/media\/1665"}],"wp:attachment":[{"href":"https:\/\/rikstvatt.se\/bengtsfors\/wp-json\/wp\/v2\/media?parent=1663"}],"wp:term":[{"taxonomy":"category","embeddable":true,"href":"https:\/\/rikstvatt.se\/bengtsfors\/wp-json\/wp\/v2\/categories?post=1663"},{"taxonomy":"post_tag","embeddable":true,"href":"https:\/\/rikstvatt.se\/bengtsfors\/wp-json\/wp\/v2\/tags?post=1663"}],"curies":[{"name":"wp","href":"https:\/\/api.w.org\/{rel}","templated":true}]}}