{"id":2007,"date":"2023-05-09T12:20:17","date_gmt":"2023-05-09T12:20:17","guid":{"rendered":"https:\/\/rikstvatt.se\/bengtsfors\/?p=2007"},"modified":"2023-09-27T13:50:34","modified_gmt":"2023-09-27T13:50:34","slug":"kasserade-entremattor-blir-till-ljudabsorberande-skarmvaggar","status":"publish","type":"post","link":"https:\/\/rikstvatt.se\/bengtsfors\/kasserade-entremattor-blir-till-ljudabsorberande-skarmvaggar\/","title":{"rendered":"Kasserade entr\u00e9mattor blir till ljudabsorberande sk\u00e4rmv\u00e4ggar!"},"content":{"rendered":"\n<h2 class=\"wp-block-heading\">Samverkan m\u00f6jligg\u00f6r \u00e5terbruk och redesign av kasserat gods!<\/h2>\n\n\n\n<p>Projektet <a href=\"https:\/\/motesplatssteneby.se\/projekt\/textilt-aterbrukscentrum\/\">Textilt \u00c5terbrukscentrum<\/a> ger oss en plattform f\u00f6r h\u00e5llbar utveckling och r\u00e4tt f\u00f6ruts\u00e4ttningar att knyta kontakter lokalt. F\u00f6r oss handlar det om kunskapsutbyten och matchning av olika kompetenser, \u00e5terbruk och redesign av kasserade textilier och mattor. Tillsammans skapar vi en mer h\u00e5llbar materialanv\u00e4ndning och som exempel har en ljudabsorberande sk\u00e4rmv\u00e4gg tagits fram i samverkan med <a href=\"https:\/\/www.openwood.se\/\">Open Wood<\/a>. Arbetet dockar ocks\u00e5 v\u00e4l in i <a href=\"https:\/\/www.bengtsfors.se\/sidor\/naringsliv-och-arbete\/rik-symbios-bengtsfors.html\">RiK Symbios Bengtsfors<\/a> &#8211; en satsning p\u00e5 h\u00e5llbar cirkul\u00e4r omst\u00e4llning med det lokala n\u00e4ringslivet.<\/p>\n\n\n\n<p>Idag g\u00e5r tusentals ton textilt restavfall fr\u00e5n industrin till f\u00f6rbr\u00e4nning varje \u00e5r. Att hitta nya l\u00f6sningar eller hitta nya anv\u00e4ndningsomr\u00e5den f\u00f6r v\u00e5ra kasserade textilier \u00e4r i fokus.&nbsp;<\/p>\n\n\n\n<p>Flera innovationssprintar \u00e4r p\u00e5 g\u00e5ng i projektet. Kunskapen inom det textila omr\u00e5det \u00e4r h\u00f6g och nya produkter eller tj\u00e4nster ska tas fram, fr\u00e5n id\u00e9 till f\u00e4rdig prototyp. H\u00e5ll utkik, forts\u00e4ttning f\u00f6ljer!<\/p>\n\n\n\n<figure class=\"wp-block-gallery has-nested-images columns-default is-cropped wp-block-gallery-1 is-layout-flex wp-block-gallery-is-layout-flex\">\n<figure class=\"wp-block-image size-large\"><img loading=\"lazy\" decoding=\"async\" width=\"1024\" height=\"713\" data-id=\"1966\" src=\"https:\/\/rikstvatt.se\/bengtsfors\/wp-content\/uploads\/sites\/5\/2023\/05\/Kasserade-mattor-blir-ljudabsorberande-vagg-1024x713.jpg\" alt=\"\" class=\"wp-image-1966\" srcset=\"https:\/\/rikstvatt.se\/bengtsfors\/wp-content\/uploads\/sites\/5\/2023\/05\/Kasserade-mattor-blir-ljudabsorberande-vagg-1024x713.jpg 1024w, https:\/\/rikstvatt.se\/bengtsfors\/wp-content\/uploads\/sites\/5\/2023\/05\/Kasserade-mattor-blir-ljudabsorberande-vagg-300x209.jpg 300w, https:\/\/rikstvatt.se\/bengtsfors\/wp-content\/uploads\/sites\/5\/2023\/05\/Kasserade-mattor-blir-ljudabsorberande-vagg-768x535.jpg 768w, https:\/\/rikstvatt.se\/bengtsfors\/wp-content\/uploads\/sites\/5\/2023\/05\/Kasserade-mattor-blir-ljudabsorberande-vagg-1536x1069.jpg 1536w, https:\/\/rikstvatt.se\/bengtsfors\/wp-content\/uploads\/sites\/5\/2023\/05\/Kasserade-mattor-blir-ljudabsorberande-vagg-2048x1426.jpg 2048w, https:\/\/rikstvatt.se\/bengtsfors\/wp-content\/uploads\/sites\/5\/2023\/05\/Kasserade-mattor-blir-ljudabsorberande-vagg-210x146.jpg 210w, https:\/\/rikstvatt.se\/bengtsfors\/wp-content\/uploads\/sites\/5\/2023\/05\/Kasserade-mattor-blir-ljudabsorberande-vagg-50x35.jpg 50w, https:\/\/rikstvatt.se\/bengtsfors\/wp-content\/uploads\/sites\/5\/2023\/05\/Kasserade-mattor-blir-ljudabsorberande-vagg-108x75.jpg 108w, https:\/\/rikstvatt.se\/bengtsfors\/wp-content\/uploads\/sites\/5\/2023\/05\/Kasserade-mattor-blir-ljudabsorberande-vagg-480x334.jpg 480w\" sizes=\"auto, (max-width:767px) 480px, (max-width:1024px) 100vw, 1024px\" \/><figcaption class=\"wp-element-caption\">Samverkan Open Wood <\/figcaption><\/figure>\n\n\n\n<figure class=\"wp-block-image size-large\"><img loading=\"lazy\" decoding=\"async\" width=\"768\" height=\"1024\" data-id=\"1967\" src=\"https:\/\/rikstvatt.se\/bengtsfors\/wp-content\/uploads\/sites\/5\/2023\/05\/Ljudabsorberande-vagg-1-768x1024.jpg\" alt=\"\" class=\"wp-image-1967\" srcset=\"https:\/\/rikstvatt.se\/bengtsfors\/wp-content\/uploads\/sites\/5\/2023\/05\/Ljudabsorberande-vagg-1-768x1024.jpg 768w, https:\/\/rikstvatt.se\/bengtsfors\/wp-content\/uploads\/sites\/5\/2023\/05\/Ljudabsorberande-vagg-1-225x300.jpg 225w, https:\/\/rikstvatt.se\/bengtsfors\/wp-content\/uploads\/sites\/5\/2023\/05\/Ljudabsorberande-vagg-1-1152x1536.jpg 1152w, https:\/\/rikstvatt.se\/bengtsfors\/wp-content\/uploads\/sites\/5\/2023\/05\/Ljudabsorberande-vagg-1-110x146.jpg 110w, https:\/\/rikstvatt.se\/bengtsfors\/wp-content\/uploads\/sites\/5\/2023\/05\/Ljudabsorberande-vagg-1-38x50.jpg 38w, https:\/\/rikstvatt.se\/bengtsfors\/wp-content\/uploads\/sites\/5\/2023\/05\/Ljudabsorberande-vagg-1-56x75.jpg 56w, https:\/\/rikstvatt.se\/bengtsfors\/wp-content\/uploads\/sites\/5\/2023\/05\/Ljudabsorberande-vagg-1-480x640.jpg 480w, https:\/\/rikstvatt.se\/bengtsfors\/wp-content\/uploads\/sites\/5\/2023\/05\/Ljudabsorberande-vagg-1.jpg 1512w\" sizes=\"auto, (max-width:767px) 480px, (max-width:768px) 100vw, 768px\" \/><figcaption class=\"wp-element-caption\">Ljudabsorberande sk\u00e4rmv\u00e4gg<\/figcaption><\/figure>\n\n\n\n<figure class=\"wp-block-image size-large\"><img decoding=\"async\" data-id=\"1965\" src=\"https:\/\/rikstvatt.se\/bengtsfors\/wp-content\/uploads\/sites\/5\/2023\/05\/Medhi-vagn-mattor-synlig-logga-zoom-IMG_0394-763x1024.jpg\" alt=\"\" class=\"wp-image-1965\" \/><figcaption class=\"wp-element-caption\">Kasserade mattor blir n\u00e5got v\u00e4rdefullt<\/figcaption><\/figure>\n\n\n\n<figure class=\"wp-block-image size-large\"><img loading=\"lazy\" decoding=\"async\" width=\"768\" height=\"1024\" data-id=\"1964\" src=\"https:\/\/rikstvatt.se\/bengtsfors\/wp-content\/uploads\/sites\/5\/2023\/05\/Modell-vagg-768x1024.jpg\" alt=\"\" class=\"wp-image-1964\" srcset=\"https:\/\/rikstvatt.se\/bengtsfors\/wp-content\/uploads\/sites\/5\/2023\/05\/Modell-vagg-768x1024.jpg 768w, https:\/\/rikstvatt.se\/bengtsfors\/wp-content\/uploads\/sites\/5\/2023\/05\/Modell-vagg-225x300.jpg 225w, https:\/\/rikstvatt.se\/bengtsfors\/wp-content\/uploads\/sites\/5\/2023\/05\/Modell-vagg-1152x1536.jpg 1152w, https:\/\/rikstvatt.se\/bengtsfors\/wp-content\/uploads\/sites\/5\/2023\/05\/Modell-vagg-110x146.jpg 110w, https:\/\/rikstvatt.se\/bengtsfors\/wp-content\/uploads\/sites\/5\/2023\/05\/Modell-vagg-38x50.jpg 38w, https:\/\/rikstvatt.se\/bengtsfors\/wp-content\/uploads\/sites\/5\/2023\/05\/Modell-vagg-56x75.jpg 56w, https:\/\/rikstvatt.se\/bengtsfors\/wp-content\/uploads\/sites\/5\/2023\/05\/Modell-vagg-480x640.jpg 480w, https:\/\/rikstvatt.se\/bengtsfors\/wp-content\/uploads\/sites\/5\/2023\/05\/Modell-vagg.jpg 1512w\" sizes=\"auto, (max-width:767px) 480px, (max-width:768px) 100vw, 768px\" \/><figcaption class=\"wp-element-caption\">Design ljudabsorberande sk\u00e4rmv\u00e4gg<\/figcaption><\/figure>\n<\/figure>\n","protected":false},"excerpt":{"rendered":"<p>Samverkan m\u00f6jligg\u00f6r \u00e5terbruk och redesign av kasserat gods! Projektet Textilt \u00c5terbrukscentrum ger oss en plattform f\u00f6r h\u00e5llbar utveckling<span class=\"excerpt-hellip\"> [\u2026]<\/span><\/p>\n","protected":false},"author":32,"featured_media":2142,"comment_status":"closed","ping_status":"open","sticky":false,"template":"","format":"standard","meta":{"wds_primary_category":1,"footnotes":""},"categories":[12,1],"tags":[],"class_list":["post-2007","post","type-post","status-publish","format-standard","has-post-thumbnail","hentry","category-nyheter","category-uncategorized"],"_links":{"self":[{"href":"https:\/\/rikstvatt.se\/bengtsfors\/wp-json\/wp\/v2\/posts\/2007","targetHints":{"allow":["GET"]}}],"collection":[{"href":"https:\/\/rikstvatt.se\/bengtsfors\/wp-json\/wp\/v2\/posts"}],"about":[{"href":"https:\/\/rikstvatt.se\/bengtsfors\/wp-json\/wp\/v2\/types\/post"}],"author":[{"embeddable":true,"href":"https:\/\/rikstvatt.se\/bengtsfors\/wp-json\/wp\/v2\/users\/32"}],"replies":[{"embeddable":true,"href":"https:\/\/rikstvatt.se\/bengtsfors\/wp-json\/wp\/v2\/comments?post=2007"}],"version-history":[{"count":0,"href":"https:\/\/rikstvatt.se\/bengtsfors\/wp-json\/wp\/v2\/posts\/2007\/revisions"}],"wp:featuredmedia":[{"embeddable":true,"href":"https:\/\/rikstvatt.se\/bengtsfors\/wp-json\/wp\/v2\/media\/2142"}],"wp:attachment":[{"href":"https:\/\/rikstvatt.se\/bengtsfors\/wp-json\/wp\/v2\/media?parent=2007"}],"wp:term":[{"taxonomy":"category","embeddable":true,"href":"https:\/\/rikstvatt.se\/bengtsfors\/wp-json\/wp\/v2\/categories?post=2007"},{"taxonomy":"post_tag","embeddable":true,"href":"https:\/\/rikstvatt.se\/bengtsfors\/wp-json\/wp\/v2\/tags?post=2007"}],"curies":[{"name":"wp","href":"https:\/\/api.w.org\/{rel}","templated":true}]}}