{"id":2181,"date":"2023-09-19T16:38:16","date_gmt":"2023-09-19T16:38:16","guid":{"rendered":"https:\/\/rikstvatt.se\/bengtsfors\/rikstvatt-bengtsfors-uttjanta-lakan-gavs-nytt-liv-2-2\/"},"modified":"2023-09-19T16:38:16","modified_gmt":"2023-09-19T16:38:16","slug":"rikstvatt-bengtsfors-uttjanta-lakan-gavs-nytt-liv-2-2","status":"publish","type":"post","link":"https:\/\/rikstvatt.se\/bengtsfors\/rikstvatt-bengtsfors-uttjanta-lakan-gavs-nytt-liv-2-2\/","title":{"rendered":"Rikstv\u00e4tt Bengtsfors uttj\u00e4nta lakan gavs nytt liv!"},"content":{"rendered":"\n<h2 class=\"wp-block-heading\">Projektet<a href=\"https:\/\/motesplatssteneby.se\/projekt\/textilt-aterbrukscentrum\/\"> Textilt \u00c5terbrukscentrum<\/a> deltog p\u00e5 Dals L\u00e5ngeds Byafest 16 september med en Innovationssprint &#8211; naturlig f\u00e4rgning, repslagning och makram\u00e9.<\/h2>\n\n\n\n<p>Rikstv\u00e4tt Bengtsfors kasserade lakan kom till anv\u00e4ndning i en Innovationssprint i samverkan med <a href=\"https:\/\/motesplatssteneby.se\/projekt\/textilt-aterbrukscentrum\/\">Textilt \u00c5terbrukscentrum<\/a>, ett Vinnovafinansierat projekt som arbetar tillsammans med n\u00e4ringsliv, offentlig sektor och f\u00f6reningsliv i Dalsland f\u00f6r att s\u00e4nka tr\u00f6sklarna till att \u00e5terbruka textilier. Lakanen gjordes till remsor och deltagarna fick prova p\u00e5 naturlig f\u00e4rgning med Linnea Dahlstrand assisterad av Margareta B\u00e4verholm. Krapp, en rot fr\u00e5n en blomma som v\u00e4xer i de sydligare delarna av Europa ger textilierna en lilarosa ton och gurkmejan bidrar med en intensiv gul ton. Sedan kunde deltagarna doppa trasorna i j\u00e4rnvitriol f\u00f6r att \u00e4ndra nyanserna ytterligare.<\/p>\n\n\n\n<p>Remsorna anv\u00e4ndes f\u00f6r att sl\u00e5 rep med Ulla Bj\u00f6rkdahl och Ulrika Aneer. Eftersom lakanen best\u00e5r av olika delar bomull och polyester drog f\u00e4rgen i skiftande skalor p\u00e5 de olika remsorna och bildade intressanta helheter i repslagningen. De varierande f\u00e4rgerna tvinnades ihop med hj\u00e4lp av en repslagningsmaskin inl\u00e5nad av Vuxenskolan i \u00c5m\u00e5l och blev till vackra h\u00e5llbara rep.<\/p>\n\n\n\n<p>Sista stationen var att prova p\u00e5 att bygga nya strukturer med repen av makram\u00e9knutar med Emelie Rygfelt Wilander. Tanken \u00e4r att repen kan anv\u00e4ndas till nya produkter f\u00f6r utomhusbruk s\u00e5 som h\u00e4ngmattor, amplar, ytterkrukor med mera.<\/p>\n\n\n\n<figure class=\"wp-block-gallery has-nested-images columns-default is-cropped wp-block-gallery-1 is-layout-flex wp-block-gallery-is-layout-flex\">\n<figure class=\"wp-block-image size-large\"><img loading=\"lazy\" decoding=\"async\" width=\"768\" height=\"1024\" data-id=\"2101\" src=\"https:\/\/rikstvatt.se\/bengtsfors\/wp-content\/uploads\/sites\/5\/2023\/09\/IMG_5889-768x1024.jpg\" alt=\"\" class=\"wp-image-2101\" srcset=\"https:\/\/rikstvatt.se\/bengtsfors\/wp-content\/uploads\/sites\/5\/2023\/09\/IMG_5889-768x1024.jpg 768w, https:\/\/rikstvatt.se\/bengtsfors\/wp-content\/uploads\/sites\/5\/2023\/09\/IMG_5889-225x300.jpg 225w, https:\/\/rikstvatt.se\/bengtsfors\/wp-content\/uploads\/sites\/5\/2023\/09\/IMG_5889-1152x1536.jpg 1152w, https:\/\/rikstvatt.se\/bengtsfors\/wp-content\/uploads\/sites\/5\/2023\/09\/IMG_5889-1536x2048.jpg 1536w, https:\/\/rikstvatt.se\/bengtsfors\/wp-content\/uploads\/sites\/5\/2023\/09\/IMG_5889-56x75.jpg 56w, https:\/\/rikstvatt.se\/bengtsfors\/wp-content\/uploads\/sites\/5\/2023\/09\/IMG_5889-480x640.jpg 480w, https:\/\/rikstvatt.se\/bengtsfors\/wp-content\/uploads\/sites\/5\/2023\/09\/IMG_5889-scaled.jpg 1920w\" sizes=\"auto, (max-width:767px) 480px, (max-width:768px) 100vw, 768px\" \/><\/figure>\n\n\n\n<figure class=\"wp-block-image size-large\"><img loading=\"lazy\" decoding=\"async\" width=\"768\" height=\"1024\" data-id=\"2099\" src=\"https:\/\/rikstvatt.se\/bengtsfors\/wp-content\/uploads\/sites\/5\/2023\/09\/Fargning-IMG_5892-768x1024.jpg\" alt=\"\" class=\"wp-image-2099\" srcset=\"https:\/\/rikstvatt.se\/bengtsfors\/wp-content\/uploads\/sites\/5\/2023\/09\/Fargning-IMG_5892-768x1024.jpg 768w, https:\/\/rikstvatt.se\/bengtsfors\/wp-content\/uploads\/sites\/5\/2023\/09\/Fargning-IMG_5892-225x300.jpg 225w, https:\/\/rikstvatt.se\/bengtsfors\/wp-content\/uploads\/sites\/5\/2023\/09\/Fargning-IMG_5892-1152x1536.jpg 1152w, https:\/\/rikstvatt.se\/bengtsfors\/wp-content\/uploads\/sites\/5\/2023\/09\/Fargning-IMG_5892-1536x2048.jpg 1536w, https:\/\/rikstvatt.se\/bengtsfors\/wp-content\/uploads\/sites\/5\/2023\/09\/Fargning-IMG_5892-56x75.jpg 56w, https:\/\/rikstvatt.se\/bengtsfors\/wp-content\/uploads\/sites\/5\/2023\/09\/Fargning-IMG_5892-480x640.jpg 480w, https:\/\/rikstvatt.se\/bengtsfors\/wp-content\/uploads\/sites\/5\/2023\/09\/Fargning-IMG_5892-scaled.jpg 1920w\" sizes=\"auto, (max-width:767px) 480px, (max-width:768px) 100vw, 768px\" \/><\/figure>\n\n\n\n<figure class=\"wp-block-image size-large\"><img loading=\"lazy\" decoding=\"async\" width=\"1024\" height=\"768\" data-id=\"2102\" src=\"https:\/\/rikstvatt.se\/bengtsfors\/wp-content\/uploads\/sites\/5\/2023\/09\/IMG_5893-1024x768.jpg\" alt=\"\" class=\"wp-image-2102\" srcset=\"https:\/\/rikstvatt.se\/bengtsfors\/wp-content\/uploads\/sites\/5\/2023\/09\/IMG_5893-1024x768.jpg 1024w, https:\/\/rikstvatt.se\/bengtsfors\/wp-content\/uploads\/sites\/5\/2023\/09\/IMG_5893-300x225.jpg 300w, https:\/\/rikstvatt.se\/bengtsfors\/wp-content\/uploads\/sites\/5\/2023\/09\/IMG_5893-768x576.jpg 768w, https:\/\/rikstvatt.se\/bengtsfors\/wp-content\/uploads\/sites\/5\/2023\/09\/IMG_5893-1536x1152.jpg 1536w, https:\/\/rikstvatt.se\/bengtsfors\/wp-content\/uploads\/sites\/5\/2023\/09\/IMG_5893-2048x1536.jpg 2048w, https:\/\/rikstvatt.se\/bengtsfors\/wp-content\/uploads\/sites\/5\/2023\/09\/IMG_5893-100x75.jpg 100w, https:\/\/rikstvatt.se\/bengtsfors\/wp-content\/uploads\/sites\/5\/2023\/09\/IMG_5893-480x360.jpg 480w\" sizes=\"auto, (max-width:767px) 480px, (max-width:1024px) 100vw, 1024px\" \/><\/figure>\n<\/figure>\n","protected":false},"excerpt":{"rendered":"<p>Projektet Textilt \u00c5terbrukscentrum deltog p\u00e5 Dals L\u00e5ngeds Byafest 16 september med en Innovationssprint &#8211; naturlig f\u00e4rgning, repslagning och<span class=\"excerpt-hellip\"> [\u2026]<\/span><\/p>\n","protected":false},"author":32,"featured_media":2118,"comment_status":"closed","ping_status":"open","sticky":false,"template":"","format":"standard","meta":{"wds_primary_category":12,"footnotes":""},"categories":[12],"tags":[27,28,29],"class_list":["post-2181","post","type-post","status-publish","format-standard","has-post-thumbnail","hentry","category-nyheter","tag-cirkular","tag-hallbarhet","tag-miljo"],"_links":{"self":[{"href":"https:\/\/rikstvatt.se\/bengtsfors\/wp-json\/wp\/v2\/posts\/2181","targetHints":{"allow":["GET"]}}],"collection":[{"href":"https:\/\/rikstvatt.se\/bengtsfors\/wp-json\/wp\/v2\/posts"}],"about":[{"href":"https:\/\/rikstvatt.se\/bengtsfors\/wp-json\/wp\/v2\/types\/post"}],"author":[{"embeddable":true,"href":"https:\/\/rikstvatt.se\/bengtsfors\/wp-json\/wp\/v2\/users\/32"}],"replies":[{"embeddable":true,"href":"https:\/\/rikstvatt.se\/bengtsfors\/wp-json\/wp\/v2\/comments?post=2181"}],"version-history":[{"count":0,"href":"https:\/\/rikstvatt.se\/bengtsfors\/wp-json\/wp\/v2\/posts\/2181\/revisions"}],"wp:featuredmedia":[{"embeddable":true,"href":"https:\/\/rikstvatt.se\/bengtsfors\/wp-json\/wp\/v2\/media\/2118"}],"wp:attachment":[{"href":"https:\/\/rikstvatt.se\/bengtsfors\/wp-json\/wp\/v2\/media?parent=2181"}],"wp:term":[{"taxonomy":"category","embeddable":true,"href":"https:\/\/rikstvatt.se\/bengtsfors\/wp-json\/wp\/v2\/categories?post=2181"},{"taxonomy":"post_tag","embeddable":true,"href":"https:\/\/rikstvatt.se\/bengtsfors\/wp-json\/wp\/v2\/tags?post=2181"}],"curies":[{"name":"wp","href":"https:\/\/api.w.org\/{rel}","templated":true}]}}