{"id":523,"date":"2017-05-12T09:34:00","date_gmt":"2017-05-12T09:34:00","guid":{"rendered":"https:\/\/rikstvatt.se\/?p=523"},"modified":"2018-04-30T11:39:30","modified_gmt":"2018-04-30T11:39:30","slug":"danvikshem","status":"publish","type":"post","link":"https:\/\/rikstvatt.se\/bengtsfors\/danvikshem\/","title":{"rendered":"Helhetskoncept p\u00e5 anrika Danvikshem"},"content":{"rendered":"<h2>Helhetskoncept p\u00e5 anrika Danvikshem<\/h2>\n<div class=\"content-copy content-block\">\n<div class=\"richtext\">\n<p><strong><span class=\"s1\">Sedan mitten av 1500-talet har stiftelsen Danvikshem bedrivit v\u00e5rd- och omsorgsverksamhet, med v\u00e4nlighet och omtanke i fokus. Sedan 1915 h\u00e5ller de till i pampiga byggnader i Nacka, med utsikt \u00f6ver inloppet till Stockholm. CWS-boco har i n\u00e4stan ett decennium levererat tv\u00e4tt till Danvikshem, som idag \u00e4r ett \u00e4ldreboende.\u00a0<\/span><\/strong><\/p>\n<\/div>\n<\/div>\n<div class=\"content-block iwide image-fullwidth\"><\/div>\n<hr class=\"no_line\" style=\"margin: 0 auto 20px auto\"\/>\n\n<p><img loading=\"lazy\" decoding=\"async\" class=\"alignnone size-full wp-image-524\" src=\"http:\/\/limatvatten.rikstvatt.se\/wp-content\/uploads\/sites\/3\/2018\/03\/danvikshem1.jpg\" alt=\"\" width=\"800\" height=\"533\" srcset=\"https:\/\/rikstvatt.se\/bengtsfors\/wp-content\/uploads\/sites\/5\/2018\/03\/danvikshem1.jpg 800w, https:\/\/rikstvatt.se\/bengtsfors\/wp-content\/uploads\/sites\/5\/2018\/03\/danvikshem1-300x200.jpg 300w, https:\/\/rikstvatt.se\/bengtsfors\/wp-content\/uploads\/sites\/5\/2018\/03\/danvikshem1-768x512.jpg 768w, https:\/\/rikstvatt.se\/bengtsfors\/wp-content\/uploads\/sites\/5\/2018\/03\/danvikshem1-219x146.jpg 219w, https:\/\/rikstvatt.se\/bengtsfors\/wp-content\/uploads\/sites\/5\/2018\/03\/danvikshem1-50x33.jpg 50w, https:\/\/rikstvatt.se\/bengtsfors\/wp-content\/uploads\/sites\/5\/2018\/03\/danvikshem1-113x75.jpg 113w\" sizes=\"auto, (max-width:767px) 480px, (max-width:800px) 100vw, 800px\" \/><\/p>\n<hr class=\"no_line\" style=\"margin: 0 auto 20px auto\"\/>\n\n<div class=\"content-block richtext textarea \">\n<div class=\"text\">\n<p>Fr\u00e5n b\u00f6rjan var Danvikshem ett sjukhus p\u00e5 Gr\u00e5munkeholmen, men 1551 skrev Gustav Vasa ett brev till Stockholms borgerskap d\u00e4r han befallde att hospitalet skulle flyttas fr\u00e5n Gr\u00e5munkeholmen till Danviken. I denna veva donerade han ett antal fastigheter till hospitalets underh\u00e5ll, och d\u00e4rigenom skapades, utan hans vetskap, den f\u00f6rsta statligt bildade stiftelsen. Det var ocks\u00e5 d\u00e5 Danvikshem fick namnet Danviks Hospital. I b\u00f6rjan p\u00e5 1600-talet var sjukhuset den enda institution som tog hand om de allra fattigaste fr\u00e5n Stockholm.<\/p>\n<p>Tr\u00e4husen som byggdes under 1500-talet hade vid 1700-talets b\u00f6rjan sett sina b\u00e4sta dagar, men genom en insamling Karl XII:s syster Ulrika Eleonora startade kunde man bygga en ny kyrka och nya v\u00e5rdsalar. Kyrkan st\u00e5r kvar idag nere vid Danvikskanalen.<\/p>\n<p>N\u00e4r det \u00e5terigen blev dags f\u00f6r nybygge 1915 gjordes det v\u00e4ldigt modernt efter d\u00e5tidens standard, med WC, varmvatten, elektricitet, hissar och centralv\u00e4rme. I tidningarna kunde man l\u00e4sa om Danviks Hospitals lyx och \u00f6verd\u00e5d, men p\u00e5 sikt visade det sig vara v\u00e4l investerade pengar. \u00c4ven om mycket s\u00e5klart har moderniserats sedan b\u00f6rjan av f\u00f6rra \u00e5rhundradet, s\u00e5 st\u00e5r sig Danvikshem fortfarande bra, och \u00e4r ett eftertraktat boende f\u00f6r \u00e4ldre.<\/p>\n<p>\u2013 M\u00e5let f\u00f6r verksamheten har genom alla tider varit att med v\u00e4nlighet och omtanke ge god omv\u00e5rdnad, mat och husrum till beh\u00f6vande, s\u00e4ger Henri Oinonen, teknisk chef p\u00e5 Danvikshem. Som en del i detta led anlitades CWS-boco 2008, f\u00f6r att ta hand om personalens kl\u00e4der. P\u00e5 ett st\u00e4lle som Danvikshem, som \u00e4r som ett eget litet samh\u00e4lle i sig, g\u00e4ller det b\u00e5de v\u00e5rdkl\u00e4der, kl\u00e4der till personal i k\u00f6k och vaktm\u00e4starkl\u00e4der. Efterhand har servicen ut\u00f6kats med b\u00e4ddlinne, handdukar, mattor och en del hygienrumsutrustning. Nyligen har CWS-boco \u00e4ven tagit \u00f6ver hanteringen av de boendes kl\u00e4der.<\/p>\n<p>Det finns f\u00f6rst\u00e5s utmaningar g\u00e4llande personalkl\u00e4der p\u00e5 ett f\u00f6retag som Danvikshem, med 240 anst\u00e4llda inom flera olika omr\u00e5den. Klurigast \u00e4r logistiken, att f\u00e5 r\u00e4tt plagg till r\u00e4tt avdelning och person. CWS-boco l\u00f6ser det genom unika m\u00e4rkningar med nummer och streckkod p\u00e5 alla plagg. All personal har sina egna plagg, s\u00e5 att de sj\u00e4lva enkelt kan h\u00e5lla koll p\u00e5 n\u00e4r det \u00e4r dags att l\u00e4mna in till tv\u00e4tt. F\u00f6r v\u00e5rdverksamheten finns det \u00e4ven hygienkrav som ska f\u00f6ljas. D\u00e4rf\u00f6r blir det mycket att h\u00e5lla koll p\u00e5 och det g\u00e5r \u00e5t en stor m\u00e4ngd kl\u00e4der per dag p\u00e5 Danvikshem, att ta hand om tv\u00e4tten sj\u00e4lva hade varit alldeles f\u00f6r\u00a0<span class=\"s1\">omst\u00e4ndligt\u00a0<\/span>och tagit f\u00f6r mycket tid fr\u00e5n vaktm\u00e4steriet. P\u00e5 ett tv\u00e4tteri som CWS-boco finns dessutom specialister som tar hand om tv\u00e4tten p\u00e5 b\u00e4sta s\u00e4tt, och vet vilka program som ska anv\u00e4ndas.<\/p>\n<p>Lite ovanligare \u00e4r det att man l\u00e5ter ett tv\u00e4tteri sk\u00f6ta hanteringen av de boendes kl\u00e4der, men genom att g\u00f6ra det s\u00e5g Danvikshem en m\u00f6jlighet att frig\u00f6ra \u00e4nnu mer personal till sitt vaktm\u00e4steri.<\/p>\n<p>\u2013 V\u00e5r verksamhet kommer att \u00f6ka med 30% de n\u00e4rmaste fem \u00e5ren, och d\u00e5 beh\u00f6vs personalen p\u00e5 annat h\u00e5ll, s\u00e4ger Henri Oinonen. De boendes kl\u00e4der m\u00e4rks av CWS-boco, medan underkl\u00e4der, strumpor och liknande tv\u00e4ttas i n\u00e4tp\u00e5se, som \u00e4r m\u00e4rkta med l\u00e4genhetsnummer. Personalen \u00e4r n\u00f6jda med systemet, d\u00e5 de tycker kontrollen p\u00e5 vad som skickas in och kommer tillbaka \u00e4r bra, samt att de slipper m\u00e4rka kl\u00e4derna sj\u00e4lva.<\/p>\n<p>Genom att ha hanteringen av alla textilier hos samma leverant\u00f6r underl\u00e4ttas det dagliga arbetet p\u00e5 Danvikshem, dessutom \u00e4r det sn\u00e4llt mot milj\u00f6n d\u00e5 det blir f\u00e4rre transporter. Henri Oinonen po\u00e4ngterar ocks\u00e5 att det k\u00e4nns extra bra att veta att all deras tv\u00e4tt blir tv\u00e4ttad p\u00e5 ett Svanenm\u00e4rkt tv\u00e4tteri som CWS-boco \u00e4r, d\u00e5 Danvikshem \u00e4r milj\u00f6certifierade enligt Svensk Milj\u00f6bas.<\/p>\n<\/div>\n<\/div>\n","protected":false},"excerpt":{"rendered":"<p>Helhetskoncept p\u00e5 anrika Danvikshem Sedan mitten av 1500-talet har stiftelsen Danvikshem bedrivit v\u00e5rd- och omsorgsverksamhet, med v\u00e4nlighet och<span class=\"excerpt-hellip\"> [\u2026]<\/span><\/p>\n","protected":false},"author":1,"featured_media":525,"comment_status":"closed","ping_status":"open","sticky":false,"template":"","format":"standard","meta":{"wds_primary_category":0,"footnotes":""},"categories":[13],"tags":[],"class_list":["post-523","post","type-post","status-publish","format-standard","has-post-thumbnail","hentry","category-kundcase"],"_links":{"self":[{"href":"https:\/\/rikstvatt.se\/bengtsfors\/wp-json\/wp\/v2\/posts\/523","targetHints":{"allow":["GET"]}}],"collection":[{"href":"https:\/\/rikstvatt.se\/bengtsfors\/wp-json\/wp\/v2\/posts"}],"about":[{"href":"https:\/\/rikstvatt.se\/bengtsfors\/wp-json\/wp\/v2\/types\/post"}],"author":[{"embeddable":true,"href":"https:\/\/rikstvatt.se\/bengtsfors\/wp-json\/wp\/v2\/users\/1"}],"replies":[{"embeddable":true,"href":"https:\/\/rikstvatt.se\/bengtsfors\/wp-json\/wp\/v2\/comments?post=523"}],"version-history":[{"count":0,"href":"https:\/\/rikstvatt.se\/bengtsfors\/wp-json\/wp\/v2\/posts\/523\/revisions"}],"wp:featuredmedia":[{"embeddable":true,"href":"https:\/\/rikstvatt.se\/bengtsfors\/wp-json\/wp\/v2\/media\/525"}],"wp:attachment":[{"href":"https:\/\/rikstvatt.se\/bengtsfors\/wp-json\/wp\/v2\/media?parent=523"}],"wp:term":[{"taxonomy":"category","embeddable":true,"href":"https:\/\/rikstvatt.se\/bengtsfors\/wp-json\/wp\/v2\/categories?post=523"},{"taxonomy":"post_tag","embeddable":true,"href":"https:\/\/rikstvatt.se\/bengtsfors\/wp-json\/wp\/v2\/tags?post=523"}],"curies":[{"name":"wp","href":"https:\/\/api.w.org\/{rel}","templated":true}]}}