{"id":1121,"date":"2019-06-05T12:22:33","date_gmt":"2019-06-04T15:21:53","guid":{"rendered":"https:\/\/rikstvatt.se\/lima\/nya-rikstvatt\/"},"modified":"2022-10-11T14:34:51","modified_gmt":"2022-10-11T14:34:51","slug":"nya-rikstvatt","status":"publish","type":"post","link":"https:\/\/rikstvatt.se\/lima\/nyheter\/nya-rikstvatt\/","title":{"rendered":"Nya Rikstv\u00e4tt"},"content":{"rendered":"<h2><strong>Nu blir det \u00e4nnu enklare att jobba med Rikstv\u00e4tt<\/strong><\/h2>\n<div class=\"content-copy content-block\">\n<div class=\"richtext\">\n<p>Tv\u00e4tterier anslutna till Rikstv\u00e4tt f\u00f6rst\u00e4rker varum\u00e4rket ytterligare genom namn\u00e4ndring.<\/p>\n<\/div>\n<\/div>\n<div class=\"content-block richtext textarea \">\n<div class=\"text\">\n<h3>Sveriges st\u00f6rsta tv\u00e4tterikedja<\/h3>\n<p>Rikstv\u00e4tt \u00e4r Sveriges st\u00f6rsta tv\u00e4tterikedja med 16 textiltv\u00e4tterier som dagligen hj\u00e4lper kunder fr\u00e5n norr till s\u00f6der i hela landet. Alla anslutna tv\u00e4tterier har tidigare arbetat under egna namn och varum\u00e4rken \u2013 men nu genomf\u00f6rs en marknadsm\u00e4ssig namn\u00e4ndring p\u00e5 alla de del\u00e4gar\u00e4gda tv\u00e4tterierna. Ber\u00f6rda tv\u00e4tterier kommer att arbeta direkt under det s\u00e4rskilda f\u00f6retagsnamnet, exempelvis Rikstv\u00e4tt Lima &#8211; ist\u00e4llet f\u00f6r tidigare Limatv\u00e4tten.<\/p>\n<h3>Opererar nu effektivare, tillsammans<\/h3>\n<p>Detta kommer inte bara att g\u00f6ra det enklare f\u00f6r kunderna att se Rikstv\u00e4tt som den enhet det \u00e4r, utan inneb\u00e4r \u00e4ven att alla tv\u00e4tterier tillsammans opererar \u00e4nnu effektivare med samma rutiner, samma utm\u00e4rkta service och inte minst samma kontaktytor.<\/p>\n<p>&#8211; Att byta namn kan ses som en symbolisk handling, men faktum \u00e4r att vi nu vill visa p\u00e5 sammanh\u00e5llningen inom Rikstv\u00e4tt och g\u00f6ra gemensam sak \u00e4ven kring hur vi arbetar. V\u00e5ra kunder \u00e4r mycket n\u00f6jda, men de har ibland haft sv\u00e5rt att klarl\u00e4gga skillnaden mellan Rikstv\u00e4tt och v\u00e5ra tv\u00e4tterier vilket medf\u00f6rt att de inte riktigt vetat vem de ska prata med. Nu \u00e4r det ett enda st\u00e4lle du som kund h\u00f6r av dig till \u2013 och det \u00e4r samma rutiner och service som g\u00e4ller inom hela Rikstv\u00e4tt-koncernen, s\u00e4ger Sten Jennervall, key account manager p\u00e5 Rikstv\u00e4tt.<\/p>\n<h3>Lite fakta om Rikstv\u00e4tt<\/h3>\n<p>Organisationen Rikstv\u00e4tt finns fr\u00e5n \u00d6stersund i norr till Malm\u00f6 i s\u00f6der om oms\u00e4tter cirka 800 miljoner kronor f\u00f6rdelat p\u00e5 750 medarbetare. F\u00f6retaget grundades redan 1978 och \u00e4r i dag ledande i Sverige p\u00e5 tv\u00e4tteritj\u00e4nster f\u00f6r till exempel hotellbranschen och hantverksindustrin. Rikstv\u00e4tt ligger l\u00e5ngt fram i den tekniska utvecklingen och arbetar f\u00f6r n\u00e4rvarande med projekt som bland annat inneb\u00e4r RFID-m\u00e4rkning av textilier f\u00f6r automatisk hantering av handdukar, lakan och arbetskl\u00e4der.<\/p>\n<p>Framtidsscenariot \u00e4r att man via scanning av hela tv\u00e4ttvagnar direkt kan se vilka textilier det \u00e4r, vem de tillh\u00f6r och till och med hur gamla de \u00e4r och om de beh\u00f6ver ers\u00e4ttas med nya. Kunden slipper manuell inventering av tv\u00e4tt och kan fokusera p\u00e5 sin egen verksamhet. Eftersom scanningen genomf\u00f6rs f\u00f6re sorteringen samt ytterligare en g\u00e5ng efter sorteringen \u00e4r exaktheten n\u00e4ra nog etthundra procent.<\/p>\n<p>-Genom att vi alla arbetar under samma varum\u00e4rke vill vi visa att vi tillh\u00f6r samma organisation med samma utm\u00e4rkta service och fram\u00e5tanda, var du \u00e4n finns i landet n\u00e4r du h\u00f6r av dig till oss. Alla tv\u00e4tterier inom Rikstv\u00e4tt ska ha g\u00e5tt igenom samma certifieringar och alla medarbetare ska vara lika v\u00e4lutbildade. Vi \u00e4r helt enkelt rikst\u00e4ckande i v\u00e5r service, men lokala i v\u00e5r anknytning till dig som kund, s\u00e4ger Sten Jennervall.<\/p>\n<h3>CWS beh\u00e5ller sitt bolagsnamn<\/h3>\n<p>Observera att namn\u00e4ndringen inte g\u00e4ller de tv\u00e4tterier som \u00e4gs av CWS. Inom hela Rikstv\u00e4tt-gruppen, inklusive b\u00e5de CWS-\u00e4gda tv\u00e4tterier och frist\u00e5ende partners, forts\u00e4tter vi v\u00e5rt gemensamma arbete med arbetsgrupper inom olika omr\u00e5den.<\/p>\n<\/div>\n<\/div>\n","protected":false},"excerpt":{"rendered":"<p>Tv\u00e4tterier anslutna till Rikstv\u00e4tt f\u00f6rst\u00e4rker varum\u00e4rket ytterligare genom namn\u00e4ndring. Rikstv\u00e4tt \u00e4r Sveriges st\u00f6rsta tv\u00e4tterikedja med 16 textiltv\u00e4tterier som dagligen hj\u00e4lper kunder fr\u00e5n norr till s\u00f6der i hela landet.<\/p>\n","protected":false},"author":1,"featured_media":1948,"comment_status":"closed","ping_status":"open","sticky":false,"template":"","format":"standard","meta":{"wds_primary_category":0,"footnotes":""},"categories":[7],"tags":[],"class_list":["post-1121","post","type-post","status-publish","format-standard","has-post-thumbnail","hentry","category-press"],"_links":{"self":[{"href":"https:\/\/rikstvatt.se\/lima\/wp-json\/wp\/v2\/posts\/1121","targetHints":{"allow":["GET"]}}],"collection":[{"href":"https:\/\/rikstvatt.se\/lima\/wp-json\/wp\/v2\/posts"}],"about":[{"href":"https:\/\/rikstvatt.se\/lima\/wp-json\/wp\/v2\/types\/post"}],"author":[{"embeddable":true,"href":"https:\/\/rikstvatt.se\/lima\/wp-json\/wp\/v2\/users\/1"}],"replies":[{"embeddable":true,"href":"https:\/\/rikstvatt.se\/lima\/wp-json\/wp\/v2\/comments?post=1121"}],"version-history":[{"count":0,"href":"https:\/\/rikstvatt.se\/lima\/wp-json\/wp\/v2\/posts\/1121\/revisions"}],"wp:featuredmedia":[{"embeddable":true,"href":"https:\/\/rikstvatt.se\/lima\/wp-json\/wp\/v2\/media\/1948"}],"wp:attachment":[{"href":"https:\/\/rikstvatt.se\/lima\/wp-json\/wp\/v2\/media?parent=1121"}],"wp:term":[{"taxonomy":"category","embeddable":true,"href":"https:\/\/rikstvatt.se\/lima\/wp-json\/wp\/v2\/categories?post=1121"},{"taxonomy":"post_tag","embeddable":true,"href":"https:\/\/rikstvatt.se\/lima\/wp-json\/wp\/v2\/tags?post=1121"}],"curies":[{"name":"wp","href":"https:\/\/api.w.org\/{rel}","templated":true}]}}